{"id":490,"date":"2014-01-20T23:27:30","date_gmt":"2014-01-20T22:27:30","guid":{"rendered":"http:\/\/www.sichtverbindung.de\/blog\/?p=490"},"modified":"2014-01-20T23:27:30","modified_gmt":"2014-01-20T22:27:30","slug":"mein-brandneues-macbook-pro-ist-heute-gekommen-freude-freude-freude","status":"publish","type":"post","link":"https:\/\/www.sichtverbindung.de\/blog\/mein-brandneues-macbook-pro-ist-heute-gekommen-freude-freude-freude\/","title":{"rendered":"Mein brandneues MacBook Pro ist heute gekommen &#8230; Freude, Freude, Freude &#8230;"},"content":{"rendered":"<p>Heute kam das neue MacBook Pro. Es ist einfach der Hammer!! So schnell, so h\u00fcbsch und einfach genial.<\/p>\n<p>Die Geschwindigkeit beeindruckt mich wirklich. Ob es nun das Booten ist, oder der Start einer Anwendung. Und das Retina-Display erst, man erkennt mit dem blo\u00dfen Auge wirklich keine Pixel mehr. So sehen erstklassige Computer-Displays im Jahr 2013 \/ 2014 aus.<\/p>\n<p>Der n\u00e4chste Hammer ist die Airplay-Funktion. Es hat, vom Auspacken und Anschlie\u00dfen des MacBooks an die Steckdose, bis zum Betrachten eines Fullscreen-Youtube-Video (gestreamt per WLAN \u00fcbers AppleTV auf dem Flachbildfernseher) keine viertel Stunde gedauert.<\/p>\n<p>So viel zum puren Vergn\u00fcgen. Jetzt kommt die Arbeit. Installation der ben\u00f6tigen Software und Anpassung an den vorhanden Workflow. Aber mal so ne Runde Colin McRae zwischendurch ist schon drin.<\/p>\n","protected":false},"excerpt":{"rendered":"<p>Heute kam das neue MacBook Pro. Es ist einfach der Hammer!! So schnell, so h\u00fcbsch und einfach genial. Die Geschwindigkeit beeindruckt mich wirklich. Ob es nun das Booten ist, oder der Start einer Anwendung. Und das Retina-Display erst, man erkennt mit dem blo\u00dfen Auge wirklich keine Pixel mehr. So sehen erstklassige Computer-Displays im Jahr 2013 &hellip; <a href=\"https:\/\/www.sichtverbindung.de\/blog\/mein-brandneues-macbook-pro-ist-heute-gekommen-freude-freude-freude\/\" class=\"more-link\"><span class=\"screen-reader-text\">Mein brandneues MacBook Pro ist heute gekommen &#8230; Freude, Freude, Freude &#8230;<\/span> weiterlesen <span class=\"meta-nav\">&rarr;<\/span><\/a><\/p>\n","protected":false},"author":1,"featured_media":0,"comment_status":"open","ping_status":"open","sticky":false,"template":"","format":"standard","meta":{"footnotes":""},"categories":[1,3],"tags":[42,37,39],"_links":{"self":[{"href":"https:\/\/www.sichtverbindung.de\/blog\/wp-json\/wp\/v2\/posts\/490"}],"collection":[{"href":"https:\/\/www.sichtverbindung.de\/blog\/wp-json\/wp\/v2\/posts"}],"about":[{"href":"https:\/\/www.sichtverbindung.de\/blog\/wp-json\/wp\/v2\/types\/post"}],"author":[{"embeddable":true,"href":"https:\/\/www.sichtverbindung.de\/blog\/wp-json\/wp\/v2\/users\/1"}],"replies":[{"embeddable":true,"href":"https:\/\/www.sichtverbindung.de\/blog\/wp-json\/wp\/v2\/comments?post=490"}],"version-history":[{"count":2,"href":"https:\/\/www.sichtverbindung.de\/blog\/wp-json\/wp\/v2\/posts\/490\/revisions"}],"predecessor-version":[{"id":492,"href":"https:\/\/www.sichtverbindung.de\/blog\/wp-json\/wp\/v2\/posts\/490\/revisions\/492"}],"wp:attachment":[{"href":"https:\/\/www.sichtverbindung.de\/blog\/wp-json\/wp\/v2\/media?parent=490"}],"wp:term":[{"taxonomy":"category","embeddable":true,"href":"https:\/\/www.sichtverbindung.de\/blog\/wp-json\/wp\/v2\/categories?post=490"},{"taxonomy":"post_tag","embeddable":true,"href":"https:\/\/www.sichtverbindung.de\/blog\/wp-json\/wp\/v2\/tags?post=490"}],"curies":[{"name":"wp","href":"https:\/\/api.w.org\/{rel}","templated":true}]}}