{"id":383,"date":"2013-12-03T22:08:39","date_gmt":"2013-12-03T21:08:39","guid":{"rendered":"http:\/\/www.sichtverbindung.de\/blog\/?p=383"},"modified":"2017-10-23T19:03:11","modified_gmt":"2017-10-23T17:03:11","slug":"modifikationen-am-theme","status":"publish","type":"post","link":"https:\/\/www.sichtverbindung.de\/blog\/modifikationen-am-theme\/","title":{"rendered":"Modifikationen am Theme"},"content":{"rendered":"<p>Vor einigen Tagen habe ich kleinere Modifikationen an dem von mir verwendeten Standard-Theme &#8222;Twenty Thirteen&#8220; vorgenommen (siehe <a title=\"wordpress-theme-twenty-thirteen\" href=\"http:\/\/www.sichtverbindung.de\/blog\/wordpress-theme-twenty-thirteen\/\" target=\"_blank\" rel=\"noopener\">hier<\/a>). Es ist mir nun klar geworden, dass das m\u00f6glicherweise bei einem Update problematisch wird. Die \u00c4nderungen werden dann von dem Update einfach \u00fcberschrieben. Dazu muss ich mir noch weitere Gedanken machen.<\/p>\n<ul>\n<li>Ich k\u00f6nnte die \u00c4nderungen immer dokumentieren und dann nach dem Update erneut ausf\u00fchren.<\/li>\n<li>Vielleicht finde ich eine M\u00f6glichkeit, dass ein Update bereits gemachte \u00c4nderungen respektiert. Ansatzweise habe ich <a title=\"Heise - Artikel-Archiv\/ct\" href=\"http:\/\/www.heise.de\/artikel-archiv\/ct\/2012\/18\/156_Wordpress-verwalten-und-verbessern\" target=\"_blank\" rel=\"noopener\">im Heise-Artikel-Archiv<\/a> etwas dar\u00fcber gelesen. Die Modifikationen werden nicht direkt im Standard-Theme vorgenommen sondern in einem &#8222;Child-Theme&#8220;.<\/li>\n<\/ul>\n<p>Coming soon: Strategie, wie ich damit umgehen will.<\/p>\n","protected":false},"excerpt":{"rendered":"<p>Vor einigen Tagen habe ich kleinere Modifikationen an dem von mir verwendeten Standard-Theme &#8222;Twenty Thirteen&#8220; vorgenommen (siehe hier). Es ist mir nun klar geworden, dass das m\u00f6glicherweise bei einem Update problematisch wird. Die \u00c4nderungen werden dann von dem Update einfach \u00fcberschrieben. Dazu muss ich mir noch weitere Gedanken machen. Ich k\u00f6nnte die \u00c4nderungen immer dokumentieren &hellip; <a href=\"https:\/\/www.sichtverbindung.de\/blog\/modifikationen-am-theme\/\" class=\"more-link\"><span class=\"screen-reader-text\">Modifikationen am Theme<\/span> weiterlesen <span class=\"meta-nav\">&rarr;<\/span><\/a><\/p>\n","protected":false},"author":1,"featured_media":0,"comment_status":"open","ping_status":"open","sticky":false,"template":"","format":"standard","meta":{"footnotes":""},"categories":[5,9],"tags":[28,29,18],"_links":{"self":[{"href":"https:\/\/www.sichtverbindung.de\/blog\/wp-json\/wp\/v2\/posts\/383"}],"collection":[{"href":"https:\/\/www.sichtverbindung.de\/blog\/wp-json\/wp\/v2\/posts"}],"about":[{"href":"https:\/\/www.sichtverbindung.de\/blog\/wp-json\/wp\/v2\/types\/post"}],"author":[{"embeddable":true,"href":"https:\/\/www.sichtverbindung.de\/blog\/wp-json\/wp\/v2\/users\/1"}],"replies":[{"embeddable":true,"href":"https:\/\/www.sichtverbindung.de\/blog\/wp-json\/wp\/v2\/comments?post=383"}],"version-history":[{"count":4,"href":"https:\/\/www.sichtverbindung.de\/blog\/wp-json\/wp\/v2\/posts\/383\/revisions"}],"predecessor-version":[{"id":904,"href":"https:\/\/www.sichtverbindung.de\/blog\/wp-json\/wp\/v2\/posts\/383\/revisions\/904"}],"wp:attachment":[{"href":"https:\/\/www.sichtverbindung.de\/blog\/wp-json\/wp\/v2\/media?parent=383"}],"wp:term":[{"taxonomy":"category","embeddable":true,"href":"https:\/\/www.sichtverbindung.de\/blog\/wp-json\/wp\/v2\/categories?post=383"},{"taxonomy":"post_tag","embeddable":true,"href":"https:\/\/www.sichtverbindung.de\/blog\/wp-json\/wp\/v2\/tags?post=383"}],"curies":[{"name":"wp","href":"https:\/\/api.w.org\/{rel}","templated":true}]}}