{"id":376,"date":"2013-11-30T21:22:02","date_gmt":"2013-11-30T20:22:02","guid":{"rendered":"http:\/\/www.sichtverbindung.de\/blog\/?p=376"},"modified":"2021-10-29T22:49:19","modified_gmt":"2021-10-29T20:49:19","slug":"wordpress-theme-twenty-thirteen","status":"publish","type":"post","link":"https:\/\/www.sichtverbindung.de\/blog\/wordpress-theme-twenty-thirteen\/","title":{"rendered":"WordPress-Theme Twenty Thirteen"},"content":{"rendered":"<p>Bei der Installation des Blogs habe ich mit ein oder zwei Themes herumprobiert, das mitgelieferte hat mir dann aber doch erst mal am besten gefallen. Mich st\u00f6rt allerdings, dass die \u00dcberschriften der Beitr\u00e4ge so riesig sind. Die erschlagen einen f\u00f6rmlich. Der Kopf des Themes und die erste \u00dcberschrift verschlingen auf meinem Laptop-Monitor bereits die halbe H\u00f6he des Bildschirms. Das m\u00f6chte ich nun z\u00fcgig \u00e4ndern. Coming soon: kleinere \u00dcberschriften!<\/p>\n<p>Eine M\u00f6glichkeit wie ich das \u00e4ndern k\u00f6nnte habe ich <a title=\"Twenty Thirteen Seo tauglich machen\" href=\"http:\/\/philippkuhlmann.de\/twenty-thirteen-seo-tauglich-machen\/\" target=\"_blank\" rel=\"noopener noreferrer\">hier<\/a> gefunden. Die \u00dcberschriften habe ich nun von &lt;h1&gt; auf &lt;h2&gt; ge\u00e4ndert. Allerdings sieht die Schrift &#8222;Bitter&#8220; (von google.com) dann komisch aus. Da ich aber den Tipp ernst nehme, dass es f\u00fcr die Suchmaschinenoptimierung so besser ist &#8230; lasse ich es erst mal so.<\/p>\n<p>Eine weitere, sehr interessante Seite hab ich gefunden: besseronlineblog.de<\/p>\n<p>&nbsp;<\/p>\n","protected":false},"excerpt":{"rendered":"<p>Bei der Installation des Blogs habe ich mit ein oder zwei Themes herumprobiert, das mitgelieferte hat mir dann aber doch erst mal am besten gefallen. Mich st\u00f6rt allerdings, dass die \u00dcberschriften der Beitr\u00e4ge so riesig sind. Die erschlagen einen f\u00f6rmlich. Der Kopf des Themes und die erste \u00dcberschrift verschlingen auf meinem Laptop-Monitor bereits die halbe &hellip; <a href=\"https:\/\/www.sichtverbindung.de\/blog\/wordpress-theme-twenty-thirteen\/\" class=\"more-link\"><span class=\"screen-reader-text\">WordPress-Theme Twenty Thirteen<\/span> weiterlesen <span class=\"meta-nav\">&rarr;<\/span><\/a><\/p>\n","protected":false},"author":1,"featured_media":0,"comment_status":"open","ping_status":"open","sticky":false,"template":"","format":"standard","meta":{"footnotes":""},"categories":[5,9,27],"tags":[68,28,29,18],"_links":{"self":[{"href":"https:\/\/www.sichtverbindung.de\/blog\/wp-json\/wp\/v2\/posts\/376"}],"collection":[{"href":"https:\/\/www.sichtverbindung.de\/blog\/wp-json\/wp\/v2\/posts"}],"about":[{"href":"https:\/\/www.sichtverbindung.de\/blog\/wp-json\/wp\/v2\/types\/post"}],"author":[{"embeddable":true,"href":"https:\/\/www.sichtverbindung.de\/blog\/wp-json\/wp\/v2\/users\/1"}],"replies":[{"embeddable":true,"href":"https:\/\/www.sichtverbindung.de\/blog\/wp-json\/wp\/v2\/comments?post=376"}],"version-history":[{"count":6,"href":"https:\/\/www.sichtverbindung.de\/blog\/wp-json\/wp\/v2\/posts\/376\/revisions"}],"predecessor-version":[{"id":1103,"href":"https:\/\/www.sichtverbindung.de\/blog\/wp-json\/wp\/v2\/posts\/376\/revisions\/1103"}],"wp:attachment":[{"href":"https:\/\/www.sichtverbindung.de\/blog\/wp-json\/wp\/v2\/media?parent=376"}],"wp:term":[{"taxonomy":"category","embeddable":true,"href":"https:\/\/www.sichtverbindung.de\/blog\/wp-json\/wp\/v2\/categories?post=376"},{"taxonomy":"post_tag","embeddable":true,"href":"https:\/\/www.sichtverbindung.de\/blog\/wp-json\/wp\/v2\/tags?post=376"}],"curies":[{"name":"wp","href":"https:\/\/api.w.org\/{rel}","templated":true}]}}