{"id":184,"date":"2013-11-12T13:51:14","date_gmt":"2013-11-12T12:51:14","guid":{"rendered":"http:\/\/www.sichtverbindung.de\/blog\/?p=184"},"modified":"2013-11-15T01:54:27","modified_gmt":"2013-11-15T00:54:27","slug":"permalinks-klartext","status":"publish","type":"post","link":"https:\/\/www.sichtverbindung.de\/blog\/permalinks-klartext\/","title":{"rendered":"Permalinks-Problem"},"content":{"rendered":"<p>Um die Lesbarkeit der Permalinks zu verbessern wolle ich den Beitragsname statt einer Artikel-ID verwenden. Basis f\u00fcr den Tipp war ein Beitrag eines Blogs der das WordPress-Backend erkl\u00e4rt. Nach dem Umstellen auf den Beitragsnamen konnte die Seite zwar aufgerufen werden, und das Aufrufen einzelner Artikel funktionierte auch. Allerdings konnte ich nicht mehr \u00fcber das Widget nach Kategorien filtern. Der Aufruf der Artikel f\u00fchrt zu einer 404-Fehlermeldung. Sehr froh war ich dann als das Problem nach dem \u00e4ndern auf die Standardeinstellung nicht mehr bestand. Zu dem Thema werde ich wohl noch weitere Informationen einholen.<\/p>\n<p>Das Problem hat sich erledigt. Die L\u00f6sung steht <a href=\"http:\/\/www.sichtverbindung.de\/blog\/permalinks-aus-beitragsname\/\">hier<\/a>.<\/p>\n","protected":false},"excerpt":{"rendered":"<p>Um die Lesbarkeit der Permalinks zu verbessern wolle ich den Beitragsname statt einer Artikel-ID verwenden. Basis f\u00fcr den Tipp war ein Beitrag eines Blogs der das WordPress-Backend erkl\u00e4rt. Nach dem Umstellen auf den Beitragsnamen konnte die Seite zwar aufgerufen werden, und das Aufrufen einzelner Artikel funktionierte auch. Allerdings konnte ich nicht mehr \u00fcber das Widget &hellip; <a href=\"https:\/\/www.sichtverbindung.de\/blog\/permalinks-klartext\/\" class=\"more-link\"><span class=\"screen-reader-text\">Permalinks-Problem<\/span> weiterlesen <span class=\"meta-nav\">&rarr;<\/span><\/a><\/p>\n","protected":false},"author":1,"featured_media":0,"comment_status":"open","ping_status":"open","sticky":false,"template":"","format":"standard","meta":{"footnotes":""},"categories":[5,10],"tags":[],"_links":{"self":[{"href":"https:\/\/www.sichtverbindung.de\/blog\/wp-json\/wp\/v2\/posts\/184"}],"collection":[{"href":"https:\/\/www.sichtverbindung.de\/blog\/wp-json\/wp\/v2\/posts"}],"about":[{"href":"https:\/\/www.sichtverbindung.de\/blog\/wp-json\/wp\/v2\/types\/post"}],"author":[{"embeddable":true,"href":"https:\/\/www.sichtverbindung.de\/blog\/wp-json\/wp\/v2\/users\/1"}],"replies":[{"embeddable":true,"href":"https:\/\/www.sichtverbindung.de\/blog\/wp-json\/wp\/v2\/comments?post=184"}],"version-history":[{"count":5,"href":"https:\/\/www.sichtverbindung.de\/blog\/wp-json\/wp\/v2\/posts\/184\/revisions"}],"predecessor-version":[{"id":257,"href":"https:\/\/www.sichtverbindung.de\/blog\/wp-json\/wp\/v2\/posts\/184\/revisions\/257"}],"wp:attachment":[{"href":"https:\/\/www.sichtverbindung.de\/blog\/wp-json\/wp\/v2\/media?parent=184"}],"wp:term":[{"taxonomy":"category","embeddable":true,"href":"https:\/\/www.sichtverbindung.de\/blog\/wp-json\/wp\/v2\/categories?post=184"},{"taxonomy":"post_tag","embeddable":true,"href":"https:\/\/www.sichtverbindung.de\/blog\/wp-json\/wp\/v2\/tags?post=184"}],"curies":[{"name":"wp","href":"https:\/\/api.w.org\/{rel}","templated":true}]}}