{"id":112,"date":"2013-11-10T01:48:05","date_gmt":"2013-11-10T00:48:05","guid":{"rendered":"http:\/\/www.sichtverbindung.de\/blog\/?p=112"},"modified":"2013-11-29T01:38:27","modified_gmt":"2013-11-29T00:38:27","slug":"auch-der-admin-braucht-seinen-schlaf","status":"publish","type":"post","link":"https:\/\/www.sichtverbindung.de\/blog\/auch-der-admin-braucht-seinen-schlaf\/","title":{"rendered":"Auch der Admin braucht seinen Schlaf"},"content":{"rendered":"<p>Coming soon:<\/p>\n<ul>\n<li>Datensicherung f\u00fcr die Datenbank und das Blogverzeichnis (geht das mit einem Cron-Job? Wohin sichere ich?)<\/li>\n<li>Der Blog sollte ein minimales Impressum haben.<\/li>\n<li>Ich w\u00fcrde gerne Blogeintr\u00e4ge mit Word verfassen k\u00f6nnen.<\/li>\n<li>Mindmap oder grafische Darstellung \u00fcber die Strukturen rund um mein Blog<\/li>\n<\/ul>\n<p>Rom wurde auch nicht an einem Tag erbaut. Die Arbeit an dem Projekt nimmt Stunde um Stunde ein (so habe ich es gewollt).<\/p>\n","protected":false},"excerpt":{"rendered":"<p>Coming soon: Datensicherung f\u00fcr die Datenbank und das Blogverzeichnis (geht das mit einem Cron-Job? Wohin sichere ich?) Der Blog sollte ein minimales Impressum haben. Ich w\u00fcrde gerne Blogeintr\u00e4ge mit Word verfassen k\u00f6nnen. Mindmap oder grafische Darstellung \u00fcber die Strukturen rund um mein Blog Rom wurde auch nicht an einem Tag erbaut. Die Arbeit an dem &hellip; <a href=\"https:\/\/www.sichtverbindung.de\/blog\/auch-der-admin-braucht-seinen-schlaf\/\" class=\"more-link\"><span class=\"screen-reader-text\">Auch der Admin braucht seinen Schlaf<\/span> weiterlesen <span class=\"meta-nav\">&rarr;<\/span><\/a><\/p>\n","protected":false},"author":1,"featured_media":0,"comment_status":"open","ping_status":"open","sticky":false,"template":"","format":"standard","meta":{"footnotes":""},"categories":[10,2],"tags":[],"_links":{"self":[{"href":"https:\/\/www.sichtverbindung.de\/blog\/wp-json\/wp\/v2\/posts\/112"}],"collection":[{"href":"https:\/\/www.sichtverbindung.de\/blog\/wp-json\/wp\/v2\/posts"}],"about":[{"href":"https:\/\/www.sichtverbindung.de\/blog\/wp-json\/wp\/v2\/types\/post"}],"author":[{"embeddable":true,"href":"https:\/\/www.sichtverbindung.de\/blog\/wp-json\/wp\/v2\/users\/1"}],"replies":[{"embeddable":true,"href":"https:\/\/www.sichtverbindung.de\/blog\/wp-json\/wp\/v2\/comments?post=112"}],"version-history":[{"count":5,"href":"https:\/\/www.sichtverbindung.de\/blog\/wp-json\/wp\/v2\/posts\/112\/revisions"}],"predecessor-version":[{"id":117,"href":"https:\/\/www.sichtverbindung.de\/blog\/wp-json\/wp\/v2\/posts\/112\/revisions\/117"}],"wp:attachment":[{"href":"https:\/\/www.sichtverbindung.de\/blog\/wp-json\/wp\/v2\/media?parent=112"}],"wp:term":[{"taxonomy":"category","embeddable":true,"href":"https:\/\/www.sichtverbindung.de\/blog\/wp-json\/wp\/v2\/categories?post=112"},{"taxonomy":"post_tag","embeddable":true,"href":"https:\/\/www.sichtverbindung.de\/blog\/wp-json\/wp\/v2\/tags?post=112"}],"curies":[{"name":"wp","href":"https:\/\/api.w.org\/{rel}","templated":true}]}}